{"id":2214,"date":"2024-08-10T12:14:49","date_gmt":"2024-08-10T10:14:49","guid":{"rendered":"https:\/\/prolightafrica.org\/transformer-des-vies-grace-a-leau-potable-dans-des-villages-senegalais\/"},"modified":"2025-05-04T12:21:25","modified_gmt":"2025-05-04T10:21:25","slug":"eau-propre-pour-villages-senegalais","status":"publish","type":"post","link":"https:\/\/prolightafrica.org\/fr\/eau-propre-pour-villages-senegalais\/","title":{"rendered":"Transformer des vies gr\u00e2ce \u00e0 l&rsquo;investissement \u00e0 impact social &#8211; De l&rsquo;eau potable pour les villages s\u00e9n\u00e9galais"},"content":{"rendered":"\n<h2 class=\"wp-block-heading\">De l&rsquo;eau saum\u00e2tre \u00e0 l&rsquo;eau douce : Une nouvelle \u00e8re de s\u00e9curit\u00e9 de l&rsquo;eau et d&rsquo;autonomisation des communaut\u00e9s <\/h2>\n\n<p class=\"wp-block-paragraph\"><strong>Podor &#8211;<\/strong> Les membres de la communaut\u00e9 \u00e9taient ravis de pouvoir enfin go\u00fbter \u00e0 l&rsquo;eau douce et rafra\u00eechissante ! Pendant des ann\u00e9es, ils ont d\u00fb se contenter d&rsquo;eau saum\u00e2tre et d&rsquo;eau de rivi\u00e8re contamin\u00e9e. Mais maintenant, ils ont acc\u00e8s \u00e0 de l&rsquo;eau potable propre et s\u00fbre au robinet &#8211; fabriqu\u00e9e \u00e0 partir de la m\u00eame eau saum\u00e2tre qui rendait les gens malades depuis si longtemps.  <br\/><br\/>Le kiosque \u00e0 eau solaire, financ\u00e9 par <a href=\"https:\/\/thegiin.org\/publication\/post\/about-impact-investing\/\">l&rsquo;investissement \u00e0 impact social<\/a>* et mis en place en \u00e9troite collaboration avec une entreprise s\u00e9n\u00e9galaise, est strat\u00e9giquement situ\u00e9 dans une communaut\u00e9 de huit villages \u00e0 la fronti\u00e8re entre le S\u00e9n\u00e9gal et la Mauritanie, \u00e0 proximit\u00e9 d&rsquo;une autoroute importante. Il permet aujourd&rsquo;hui d&rsquo;am\u00e9liorer la s\u00e9curit\u00e9 de l&rsquo;eau dans la r\u00e9gion gr\u00e2ce au dessalement de l&rsquo;eau.<\/p>\n\n<p class=\"wp-block-paragraph\">L&rsquo;initiative de l&rsquo;APL concernant l&rsquo;eau est strat\u00e9giquement int\u00e9gr\u00e9e au concept <a href=\"https:\/\/prolightafrica.org\/fr\/gestion-narrative\/\">NAMA4PD<\/a> (gestion des r\u00e9cits pour la paix par le dialogue) &#8211; les kiosques \u00e0 eau se transforment en centres d&rsquo;information sociale dans les principaux n\u0153uds r\u00e9gionaux.<\/p>\n\n<p class=\"wp-block-paragraph\">Ces hubs servent de centres d&rsquo;\u00e9change d&rsquo;informations fiables, d&rsquo;engagement communautaire et de connectivit\u00e9 r\u00e9gionale. Pour en savoir plus, regarde notre film et v\u00e9rifie <a href=\"https:\/\/prolightafrica.org\/fr\/centre-dinformation-sociale-2\/\">les d\u00e9tails ici<\/a>. <\/p>\n\n<p class=\"wp-block-paragraph\">*L&rsquo;investissement \u00e0 impact social, ou simplement l&rsquo;investissement d&rsquo;impact, est une strat\u00e9gie d&rsquo;investissement qui vise \u00e0 atteindre des objectifs sociaux ou environnementaux tout en g\u00e9n\u00e9rant des profits. Contrairement aux initiatives philanthropiques, les investisseurs d&rsquo;impact attendent g\u00e9n\u00e9ralement un retour sur leur investissement, mais celui-ci peut \u00eatre secondaire. <\/p>\n","protected":false},"excerpt":{"rendered":"<p>De l&rsquo;eau saum\u00e2tre \u00e0 l&rsquo;eau douce : Une nouvelle \u00e8re de s\u00e9curit\u00e9 de l&rsquo;eau et d&rsquo;autonomisation des communaut\u00e9s Podor &#8211; Les membres de la communaut\u00e9 \u00e9taient ravis de pouvoir enfin go\u00fbter \u00e0 l&rsquo;eau douce et rafra\u00eechissante ! Pendant des ann\u00e9es, ils ont d\u00fb se contenter d&rsquo;eau saum\u00e2tre et d&rsquo;eau de rivi\u00e8re contamin\u00e9e. Mais maintenant, ils [&hellip;]<\/p>\n","protected":false},"author":2,"featured_media":2304,"comment_status":"closed","ping_status":"closed","sticky":false,"template":"","format":"standard","meta":{"footnotes":""},"categories":[9,16],"tags":[],"class_list":["post-2214","post","type-post","status-publish","format-standard","has-post-thumbnail","hentry","category-afrique-de-louest","category-senegal-fr"],"_links":{"self":[{"href":"https:\/\/prolightafrica.org\/fr\/wp-json\/wp\/v2\/posts\/2214","targetHints":{"allow":["GET"]}}],"collection":[{"href":"https:\/\/prolightafrica.org\/fr\/wp-json\/wp\/v2\/posts"}],"about":[{"href":"https:\/\/prolightafrica.org\/fr\/wp-json\/wp\/v2\/types\/post"}],"author":[{"embeddable":true,"href":"https:\/\/prolightafrica.org\/fr\/wp-json\/wp\/v2\/users\/2"}],"replies":[{"embeddable":true,"href":"https:\/\/prolightafrica.org\/fr\/wp-json\/wp\/v2\/comments?post=2214"}],"version-history":[{"count":5,"href":"https:\/\/prolightafrica.org\/fr\/wp-json\/wp\/v2\/posts\/2214\/revisions"}],"predecessor-version":[{"id":3787,"href":"https:\/\/prolightafrica.org\/fr\/wp-json\/wp\/v2\/posts\/2214\/revisions\/3787"}],"wp:featuredmedia":[{"embeddable":true,"href":"https:\/\/prolightafrica.org\/fr\/wp-json\/wp\/v2\/media\/2304"}],"wp:attachment":[{"href":"https:\/\/prolightafrica.org\/fr\/wp-json\/wp\/v2\/media?parent=2214"}],"wp:term":[{"taxonomy":"category","embeddable":true,"href":"https:\/\/prolightafrica.org\/fr\/wp-json\/wp\/v2\/categories?post=2214"},{"taxonomy":"post_tag","embeddable":true,"href":"https:\/\/prolightafrica.org\/fr\/wp-json\/wp\/v2\/tags?post=2214"}],"curies":[{"name":"wp","href":"https:\/\/api.w.org\/{rel}","templated":true}]}}