{"id":2739,"date":"2021-09-19T11:39:00","date_gmt":"2021-09-19T09:39:00","guid":{"rendered":"https:\/\/prolightafrica.org\/konzept-des-narrative-management-in-konfliktdynamiken-im-abschliessenden-bericht-von-common-effort-sahel-vorgestellt\/"},"modified":"2024-08-28T17:16:01","modified_gmt":"2024-08-28T15:16:01","slug":"konzept-des-narrative-management-in-konfliktdynamiken-im-abschliessenden-bericht-von-common-effort-sahel-vorgestellt","status":"publish","type":"post","link":"https:\/\/prolightafrica.org\/de\/konzept-des-narrative-management-in-konfliktdynamiken-im-abschliessenden-bericht-von-common-effort-sahel-vorgestellt\/","title":{"rendered":"Abschlie\u00dfender Bericht \u00fcber die Common Effort Sahel-Initiative"},"content":{"rendered":"\n<p>Seit 2019 hat die Common Effort Community die sozio\u00f6konomische, umwelt- und regierungsbezogene Konfliktdynamik sowie die sicherheits- und entwicklungsbezogenen Zusammenh\u00e4nge und Ma\u00dfnahmen nationaler und internationaler Akteure in den G5-Sahel-L\u00e4ndern (Burkina Faso, Tschad, Mali, Mauretanien, Niger) eingehend untersucht. <\/p>\n\n<p>Die Ergebnisse und Empfehlungen wurden in einem <strong>Common Effort Sahel Report<\/strong> in <a href=\"https:\/\/common-effort.org\/wp-content\/uploads\/Common-Effort-Sahel-Report.pdf\" target=\"_blank\" rel=\"noreferrer noopener\">englischer<\/a> und <a href=\"https:\/\/common-effort.org\/wp-content\/uploads\/Common-Effort-Sahel-Report-french.pdf\" target=\"_blank\" rel=\"noreferrer noopener\">franz\u00f6sischer<\/a> Sprache zusammengefasst, den der kommandierende General des 1 German-Netherlands Corps in M\u00fcnster, Generalleutnant Andreas Marlow, im September 2021 in einer virtuellen Zeremonie den niederl\u00e4ndischen und deutschen Au\u00dfenministerien, den Verteidigungsministerien und dem Bundesministerium f\u00fcr wirtschaftliche Zusammenarbeit und Entwicklung vorstellte.<\/p>\n","protected":false},"excerpt":{"rendered":"<p>Seit 2019 hat die Common Effort Community die sozio\u00f6konomische, umwelt- und regierungsbezogene Konfliktdynamik sowie die sicherheits- und entwicklungsbezogenen Zusammenh\u00e4nge und Ma\u00dfnahmen nationaler und internationaler Akteure in den G5-Sahel-L\u00e4ndern (Burkina Faso, Tschad, Mali, Mauretanien, Niger) eingehend untersucht. Die Ergebnisse und Empfehlungen wurden in einem Common Effort Sahel Report in englischer und franz\u00f6sischer Sprache zusammengefasst, den der [&hellip;]<\/p>\n","protected":false},"author":1,"featured_media":2568,"comment_status":"closed","ping_status":"closed","sticky":false,"template":"","format":"standard","meta":{"_seopress_robots_primary_cat":"","_seopress_titles_title":"","_seopress_titles_desc":"","_seopress_robots_index":"","iawp_total_views":1,"footnotes":""},"categories":[8,7],"tags":[],"class_list":{"0":"post-2739","1":"post","2":"type-post","3":"status-publish","4":"format-standard","5":"has-post-thumbnail","7":"category-ostafrika","8":"category-westafrika"},"_links":{"self":[{"href":"https:\/\/prolightafrica.org\/de\/wp-json\/wp\/v2\/posts\/2739","targetHints":{"allow":["GET"]}}],"collection":[{"href":"https:\/\/prolightafrica.org\/de\/wp-json\/wp\/v2\/posts"}],"about":[{"href":"https:\/\/prolightafrica.org\/de\/wp-json\/wp\/v2\/types\/post"}],"author":[{"embeddable":true,"href":"https:\/\/prolightafrica.org\/de\/wp-json\/wp\/v2\/users\/1"}],"replies":[{"embeddable":true,"href":"https:\/\/prolightafrica.org\/de\/wp-json\/wp\/v2\/comments?post=2739"}],"version-history":[{"count":3,"href":"https:\/\/prolightafrica.org\/de\/wp-json\/wp\/v2\/posts\/2739\/revisions"}],"predecessor-version":[{"id":2990,"href":"https:\/\/prolightafrica.org\/de\/wp-json\/wp\/v2\/posts\/2739\/revisions\/2990"}],"wp:featuredmedia":[{"embeddable":true,"href":"https:\/\/prolightafrica.org\/de\/wp-json\/wp\/v2\/media\/2568"}],"wp:attachment":[{"href":"https:\/\/prolightafrica.org\/de\/wp-json\/wp\/v2\/media?parent=2739"}],"wp:term":[{"taxonomy":"category","embeddable":true,"href":"https:\/\/prolightafrica.org\/de\/wp-json\/wp\/v2\/categories?post=2739"},{"taxonomy":"post_tag","embeddable":true,"href":"https:\/\/prolightafrica.org\/de\/wp-json\/wp\/v2\/tags?post=2739"}],"curies":[{"name":"wp","href":"https:\/\/api.w.org\/{rel}","templated":true}]}}