{"id":1823,"date":"2023-07-13T16:20:00","date_gmt":"2023-07-13T14:20:00","guid":{"rendered":"https:\/\/prolightafrica.org\/workshop-nama4pd-ziguinchor-kriterien-der-zusammenarbeit\/"},"modified":"2026-02-14T19:03:01","modified_gmt":"2026-02-14T18:03:01","slug":"workshop-nama4pd-ziguinchor-kriterien-der-zusammenarbeit","status":"publish","type":"post","link":"https:\/\/prolightafrica.org\/de\/workshop-nama4pd-ziguinchor-kriterien-der-zusammenarbeit\/","title":{"rendered":"NAMA4PD Workshop in Ziguinchor &#8211; Kriterien der Zusammenarbeit"},"content":{"rendered":"\n<h2 class=\"wp-block-heading &quot;wp-block-heading&quot;\">Vorbereitung auf die k\u00fcnftige inhaltliche Arbeit<\/h2>\n\n<p><strong>Ziguinchor<\/strong> &#8211; Die Bek\u00e4mpfung von Desinformation war ein hei\u00dfes Thema w\u00e4hrend des zweiten und letzten Workshops der #NAMA4PD-Auftaktphase, der in der Casamance stattfand. Der Workshop (Februar 2023) st\u00fctzte sich auf die Ergebnisse des <a href=\"https:\/\/prolightafrica.org\/de\/situatives-mapping\/\" data-type=\"\" post=\"\" data-id=\"\">ersten Workshops<\/a>, das in dieser Region bereits aufgebaute Netzwerk und die vorl\u00e4ufigen Ergebnisse der bisher durchgef\u00fchrten Datenerhebung. <\/p>\n\n<p><strong>Bek\u00e4mpfung von Desinformation<\/strong><\/p>\n\n<p>Ziel war es, Kriterien f\u00fcr die k\u00fcnftige inhaltliche Arbeit zum Thema Desinformationsbek\u00e4mpfung zu entwickeln und Bereitschaftserkl\u00e4rungen f\u00fcr die k\u00fcnftige Zusammenarbeit der Partner im Netzwerk zu erreichen.<\/p>\n\n<p><strong>Formalisierung<\/strong><\/p>\n\n<p>Insbesondere zur Formalisierung des letzten Schrittes, der Vereinbarung der Partner \u00fcber die zuk\u00fcnftige Zusammenarbeit im Rahmen der Unterzeichnung einer gemeinsamen Erkl\u00e4rung, nahm ein hochrangiger Vertreter des Freistaates Bayern, MdL Klaus Steiner, an der Veranstaltung teil.<\/p>\n\n<p><strong>Erfolgreiche Kooperationen<\/strong><\/p>\n\n<p>Mit Unterst\u00fctzung der <a href=\"https:\/\/www.bayern.de\/der-freistaat\/\" target=\"_blank\" rel=\"noreferrer noopener\">Bayerischen Staatskanzlei<\/a> und der <a href=\"https:\/\/www.oth-regensburg.de\/\" target=\"_blank\" rel=\"noreferrer noopener\">Technischen Hochschule Ostbayern<\/a> gelang dem <a href=\"https:\/\/prolightafrica.org\/de\/\" data-type=\"page\" data-id=\"2\">Project Lighthouse Africa e.V.<\/a> ein weiterer erfolgreicher Schritt in der engen Zusammenarbeit mit seiner senegalesischen Partnerorganisation <a href=\"http:\/\/ahdis.org\/\" target=\"_blank\" rel=\"noreferrer noopener\">AHDIS<\/a>.<\/p>\n\n<figure data-wp-context=\"{&quot;imageId&quot;:&quot;69f2b87e3e3fc&quot;}\" data-wp-interactive=\"core\/image\" data-wp-key=\"69f2b87e3e3fc\" class=\"wp-block-image size-full wp-lightbox-container\"><img decoding=\"async\" width=\"2560\" height=\"1440\" data-wp-class--hide=\"state.isContentHidden\" data-wp-class--show=\"state.isContentVisible\" data-wp-init=\"callbacks.setButtonStyles\" data-wp-on--click=\"actions.showLightbox\" data-wp-on--load=\"callbacks.setButtonStyles\" data-wp-on-window--resize=\"callbacks.setButtonStyles\" src=\"https:\/\/prolightafrica.org\/wp-content\/uploads\/2024\/08\/NAMA4PD-Group-scaled.jpg\" alt=\"Gruppenfoto Workshop #NAMA4PD\" class=\"wp-image-14\" srcset=\"https:\/\/prolightafrica.org\/wp-content\/uploads\/2024\/08\/NAMA4PD-Group-scaled.jpg 2560w, https:\/\/prolightafrica.org\/wp-content\/uploads\/2024\/08\/NAMA4PD-Group-768x432.jpg 768w, https:\/\/prolightafrica.org\/wp-content\/uploads\/2024\/08\/NAMA4PD-Group-1536x864.jpg 1536w, https:\/\/prolightafrica.org\/wp-content\/uploads\/2024\/08\/NAMA4PD-Group-2048x1152.jpg 2048w\" sizes=\"(max-width: 2560px) 100vw, 2560px\" \/><button\n\t\t\tclass=\"lightbox-trigger\"\n\t\t\ttype=\"button\"\n\t\t\taria-haspopup=\"dialog\"\n\t\t\taria-label=\"Vergr\u00f6\u00dfern\"\n\t\t\tdata-wp-init=\"callbacks.initTriggerButton\"\n\t\t\tdata-wp-on--click=\"actions.showLightbox\"\n\t\t\tdata-wp-style--right=\"state.imageButtonRight\"\n\t\t\tdata-wp-style--top=\"state.imageButtonTop\"\n\t\t>\n\t\t\t<svg xmlns=\"http:\/\/www.w3.org\/2000\/svg\" width=\"12\" height=\"12\" fill=\"none\" viewBox=\"0 0 12 12\">\n\t\t\t\t<path fill=\"#fff\" d=\"M2 0a2 2 0 0 0-2 2v2h1.5V2a.5.5 0 0 1 .5-.5h2V0H2Zm2 10.5H2a.5.5 0 0 1-.5-.5V8H0v2a2 2 0 0 0 2 2h2v-1.5ZM8 12v-1.5h2a.5.5 0 0 0 .5-.5V8H12v2a2 2 0 0 1-2 2H8Zm2-12a2 2 0 0 1 2 2v2h-1.5V2a.5.5 0 0 0-.5-.5H8V0h2Z\" \/>\n\t\t\t<\/svg>\n\t\t<\/button><\/figure>\n","protected":false},"excerpt":{"rendered":"<p>Vorbereitung auf die k\u00fcnftige inhaltliche Arbeit Ziguinchor &#8211; Die Bek\u00e4mpfung von Desinformation war ein hei\u00dfes Thema w\u00e4hrend des zweiten und letzten Workshops der #NAMA4PD-Auftaktphase, der in der Casamance stattfand. Der Workshop (Februar 2023) st\u00fctzte sich auf die Ergebnisse des ersten Workshops, das in dieser Region bereits aufgebaute Netzwerk und die vorl\u00e4ufigen Ergebnisse der bisher durchgef\u00fchrten [&hellip;]<\/p>\n","protected":false},"author":1,"featured_media":2463,"comment_status":"closed","ping_status":"closed","sticky":false,"template":"","format":"standard","meta":{"_seopress_robots_primary_cat":"","_seopress_titles_title":"Kampf gegen Desinformation: Workshop-Erfolg in Ziguinchor","_seopress_titles_desc":"Erfahren Sie mehr \u00fcber den erfolgreichen Workshop zur Bek\u00e4mpfung von Desinformation in der Casamance und die k\u00fcnftige Zusammenarbeit in Ziguinchor.","_seopress_robots_index":"","iawp_total_views":2,"footnotes":""},"categories":[15,7],"tags":[],"class_list":{"0":"post-1823","1":"post","2":"type-post","3":"status-publish","4":"format-standard","5":"has-post-thumbnail","7":"category-senegal-de","8":"category-westafrika"},"_links":{"self":[{"href":"https:\/\/prolightafrica.org\/de\/wp-json\/wp\/v2\/posts\/1823","targetHints":{"allow":["GET"]}}],"collection":[{"href":"https:\/\/prolightafrica.org\/de\/wp-json\/wp\/v2\/posts"}],"about":[{"href":"https:\/\/prolightafrica.org\/de\/wp-json\/wp\/v2\/types\/post"}],"author":[{"embeddable":true,"href":"https:\/\/prolightafrica.org\/de\/wp-json\/wp\/v2\/users\/1"}],"replies":[{"embeddable":true,"href":"https:\/\/prolightafrica.org\/de\/wp-json\/wp\/v2\/comments?post=1823"}],"version-history":[{"count":7,"href":"https:\/\/prolightafrica.org\/de\/wp-json\/wp\/v2\/posts\/1823\/revisions"}],"predecessor-version":[{"id":3944,"href":"https:\/\/prolightafrica.org\/de\/wp-json\/wp\/v2\/posts\/1823\/revisions\/3944"}],"wp:featuredmedia":[{"embeddable":true,"href":"https:\/\/prolightafrica.org\/de\/wp-json\/wp\/v2\/media\/2463"}],"wp:attachment":[{"href":"https:\/\/prolightafrica.org\/de\/wp-json\/wp\/v2\/media?parent=1823"}],"wp:term":[{"taxonomy":"category","embeddable":true,"href":"https:\/\/prolightafrica.org\/de\/wp-json\/wp\/v2\/categories?post=1823"},{"taxonomy":"post_tag","embeddable":true,"href":"https:\/\/prolightafrica.org\/de\/wp-json\/wp\/v2\/tags?post=1823"}],"curies":[{"name":"wp","href":"https:\/\/api.w.org\/{rel}","templated":true}]}}